{"id":774,"date":"2018-06-01T20:16:04","date_gmt":"2018-06-01T20:16:04","guid":{"rendered":"https:\/\/www.camminataitaliana.it\/?p=774"},"modified":"2025-07-16T16:38:38","modified_gmt":"2025-07-16T14:38:38","slug":"1giugno","status":"publish","type":"post","link":"https:\/\/camminataitaliana.fondazionemalagutti.it\/?p=774","title":{"rendered":"Venerd\u00ec 1 giugno"},"content":{"rendered":"<p>Questa mattina siamo partiti da Reggio Emilia, una citt\u00e0 molto importante per il Tricolore. Infatti, proprio in questa citt\u00e0, avvenne la prima adozione ufficiale della bandiera italiana da parte della Repubblica Cispadana, il 7 gennaio del 1797.<\/p>\n<p>A Reggio Emilia abbiamo anche trovato un&#8217;amministrazione molto attenta ai pi\u00f9 piccoli, con cui abbiamo avuto l&#8217;opportunit\u00e0 di condividere ideali e valori. E a proposito di condivisione, oggi ho condiviso qualche Km con Giuseppe, un mio nuovo collaboratore che, oggi, ha deciso di unirsi a me in questa avventura!<\/p>\n<p>Siamo sempre pi\u00f9 vicini alla meta&#8230;tra due giorni saremo a Mantova!!<\/p>\n<p><img loading=\"lazy\" decoding=\"async\" class=\"alignnone wp-image-775 size-large\" src=\"https:\/\/camminataitaliana.fondazionemalagutti.it\/wp-content\/uploads\/2018\/06\/PHOTO-2018-06-01-15-26-49-1024x575.jpg\" alt=\"\" width=\"1024\" height=\"575\" srcset=\"https:\/\/camminataitaliana.fondazionemalagutti.it\/wp-content\/uploads\/2018\/06\/PHOTO-2018-06-01-15-26-49-1024x575.jpg 1024w, https:\/\/camminataitaliana.fondazionemalagutti.it\/wp-content\/uploads\/2018\/06\/PHOTO-2018-06-01-15-26-49-300x168.jpg 300w, https:\/\/camminataitaliana.fondazionemalagutti.it\/wp-content\/uploads\/2018\/06\/PHOTO-2018-06-01-15-26-49-768x431.jpg 768w, https:\/\/camminataitaliana.fondazionemalagutti.it\/wp-content\/uploads\/2018\/06\/PHOTO-2018-06-01-15-26-49-260x146.jpg 260w, https:\/\/camminataitaliana.fondazionemalagutti.it\/wp-content\/uploads\/2018\/06\/PHOTO-2018-06-01-15-26-49-50x28.jpg 50w, https:\/\/camminataitaliana.fondazionemalagutti.it\/wp-content\/uploads\/2018\/06\/PHOTO-2018-06-01-15-26-49-134x75.jpg 134w, https:\/\/camminataitaliana.fondazionemalagutti.it\/wp-content\/uploads\/2018\/06\/PHOTO-2018-06-01-15-26-49-1200x675.jpg 1200w, https:\/\/camminataitaliana.fondazionemalagutti.it\/wp-content\/uploads\/2018\/06\/PHOTO-2018-06-01-15-26-49.jpg 1600w\" sizes=\"auto, (max-width: 1024px) 100vw, 1024px\" \/>01<\/p>\n<p>\u00a0<\/p>\n\n\n<div class=\"wp-block-columns is-layout-flex wp-container-core-columns-is-layout-1 wp-block-columns-is-layout-flex\">\n<div class=\"wp-block-column is-layout-flow wp-block-column-is-layout-flow\">\n<figure class=\"wp-block-video\"><video controls src=\"https:\/\/camminataitaliana.fondazionemalagutti.it\/wp-content\/uploads\/2018\/06\/REGGIO-EMILIA-2.mp4\"><\/video><\/figure>\n<\/div>\n\n\n\n<div class=\"wp-block-column is-layout-flow wp-block-column-is-layout-flow\">\n<figure class=\"wp-block-video\"><video controls src=\"https:\/\/camminataitaliana.fondazionemalagutti.it\/wp-content\/uploads\/2018\/06\/REGGIO-EMILIA.mp4\"><\/video><\/figure>\n<\/div>\n<\/div>\n","protected":false},"excerpt":{"rendered":"<p>Questa mattina siamo partiti da Reggio Emilia, una citt\u00e0 molto importante per il Tricolore. Infatti, proprio in questa citt\u00e0, avvenne la prima adozione ufficiale della bandiera<span class=\"excerpt-hellip\"> [\u2026]<\/span><\/p>\n","protected":false},"author":3,"featured_media":776,"comment_status":"closed","ping_status":"open","sticky":false,"template":"","format":"standard","meta":{"give_campaign_id":0,"footnotes":""},"categories":[14],"tags":[],"class_list":["post-774","post","type-post","status-publish","format-standard","has-post-thumbnail","hentry","category-diario"],"_links":{"self":[{"href":"https:\/\/camminataitaliana.fondazionemalagutti.it\/index.php?rest_route=\/wp\/v2\/posts\/774","targetHints":{"allow":["GET"]}}],"collection":[{"href":"https:\/\/camminataitaliana.fondazionemalagutti.it\/index.php?rest_route=\/wp\/v2\/posts"}],"about":[{"href":"https:\/\/camminataitaliana.fondazionemalagutti.it\/index.php?rest_route=\/wp\/v2\/types\/post"}],"author":[{"embeddable":true,"href":"https:\/\/camminataitaliana.fondazionemalagutti.it\/index.php?rest_route=\/wp\/v2\/users\/3"}],"replies":[{"embeddable":true,"href":"https:\/\/camminataitaliana.fondazionemalagutti.it\/index.php?rest_route=%2Fwp%2Fv2%2Fcomments&post=774"}],"version-history":[{"count":2,"href":"https:\/\/camminataitaliana.fondazionemalagutti.it\/index.php?rest_route=\/wp\/v2\/posts\/774\/revisions"}],"predecessor-version":[{"id":1131,"href":"https:\/\/camminataitaliana.fondazionemalagutti.it\/index.php?rest_route=\/wp\/v2\/posts\/774\/revisions\/1131"}],"wp:featuredmedia":[{"embeddable":true,"href":"https:\/\/camminataitaliana.fondazionemalagutti.it\/index.php?rest_route=\/wp\/v2\/media\/776"}],"wp:attachment":[{"href":"https:\/\/camminataitaliana.fondazionemalagutti.it\/index.php?rest_route=%2Fwp%2Fv2%2Fmedia&parent=774"}],"wp:term":[{"taxonomy":"category","embeddable":true,"href":"https:\/\/camminataitaliana.fondazionemalagutti.it\/index.php?rest_route=%2Fwp%2Fv2%2Fcategories&post=774"},{"taxonomy":"post_tag","embeddable":true,"href":"https:\/\/camminataitaliana.fondazionemalagutti.it\/index.php?rest_route=%2Fwp%2Fv2%2Ftags&post=774"}],"curies":[{"name":"wp","href":"https:\/\/api.w.org\/{rel}","templated":true}]}}