{"id":753,"date":"2018-05-29T23:06:22","date_gmt":"2018-05-29T23:06:22","guid":{"rendered":"https:\/\/www.camminataitaliana.it\/?p=753"},"modified":"2025-07-16T17:34:47","modified_gmt":"2025-07-16T15:34:47","slug":"30maggio-2","status":"publish","type":"post","link":"https:\/\/camminataitaliana.fondazionemalagutti.it\/?p=753","title":{"rendered":"Marted\u00ec 29 maggio"},"content":{"rendered":"<p>Con l&#8217;incoraggiamento della Croce Rossa di Caste di Casio mi sono incamminato verso la celebre e bellissima Bologna, la citt\u00e0 della musica.<\/p>\n<p>Ma Bologna \u00e8 anche la citt\u00e0 italiana pioniera del movimento per i diritti LGBT: qui nel 1985 si costitu\u00ec l&#8217;Arcigay, anche se il primo circolo di cultura omosessuale era attivo gi\u00e0 nel 1978.<\/p>\n<p>La nostra Camminata non \u00e8 solo per i diritti dei bambini, ma per i diritti di tutti gli esseri umani. Dobbiamo abolire la discriminazione e l&#8217;odio nei confronti di chi \u00e8 diverso da noi stessi. Dobbiamo imparare a considerare la differenza come un&#8217;opportunit\u00e0<\/p>\n<p><img loading=\"lazy\" decoding=\"async\" class=\"alignnone wp-image-754 size-large\" src=\"https:\/\/camminataitaliana.fondazionemalagutti.it\/wp-content\/uploads\/2018\/05\/PHOTO-2018-05-29-22-08-52-1024x575.jpg\" alt=\"\" width=\"1024\" height=\"575\" srcset=\"https:\/\/camminataitaliana.fondazionemalagutti.it\/wp-content\/uploads\/2018\/05\/PHOTO-2018-05-29-22-08-52-1024x575.jpg 1024w, https:\/\/camminataitaliana.fondazionemalagutti.it\/wp-content\/uploads\/2018\/05\/PHOTO-2018-05-29-22-08-52-300x168.jpg 300w, https:\/\/camminataitaliana.fondazionemalagutti.it\/wp-content\/uploads\/2018\/05\/PHOTO-2018-05-29-22-08-52-768x431.jpg 768w, https:\/\/camminataitaliana.fondazionemalagutti.it\/wp-content\/uploads\/2018\/05\/PHOTO-2018-05-29-22-08-52-260x146.jpg 260w, https:\/\/camminataitaliana.fondazionemalagutti.it\/wp-content\/uploads\/2018\/05\/PHOTO-2018-05-29-22-08-52-50x28.jpg 50w, https:\/\/camminataitaliana.fondazionemalagutti.it\/wp-content\/uploads\/2018\/05\/PHOTO-2018-05-29-22-08-52-134x75.jpg 134w, https:\/\/camminataitaliana.fondazionemalagutti.it\/wp-content\/uploads\/2018\/05\/PHOTO-2018-05-29-22-08-52-1200x675.jpg 1200w, https:\/\/camminataitaliana.fondazionemalagutti.it\/wp-content\/uploads\/2018\/05\/PHOTO-2018-05-29-22-08-52.jpg 1600w\" sizes=\"auto, (max-width: 1024px) 100vw, 1024px\" \/><\/p>\n<p>\u00a0<\/p>\n\n\n<div class=\"wp-block-columns is-layout-flex wp-container-core-columns-is-layout-1 wp-block-columns-is-layout-flex\">\n<div class=\"wp-block-column is-layout-flow wp-block-column-is-layout-flow\">\n<figure class=\"wp-block-video\"><video controls src=\"https:\/\/camminataitaliana.fondazionemalagutti.it\/wp-content\/uploads\/2025\/07\/MARZABOTTO.mp4\"><\/video><\/figure>\n<\/div>\n\n\n\n<div class=\"wp-block-column is-layout-flow wp-block-column-is-layout-flow\">\n<figure class=\"wp-block-video\"><video controls src=\"https:\/\/camminataitaliana.fondazionemalagutti.it\/wp-content\/uploads\/2018\/05\/BOLOGNA.mp4\"><\/video><\/figure>\n<\/div>\n<\/div>\n","protected":false},"excerpt":{"rendered":"<p>Con l&#8217;incoraggiamento della Croce Rossa di Caste di Casio mi sono incamminato verso la celebre e bellissima Bologna, la citt\u00e0 della musica. Ma Bologna \u00e8 anche<span class=\"excerpt-hellip\"> [\u2026]<\/span><\/p>\n","protected":false},"author":3,"featured_media":757,"comment_status":"closed","ping_status":"open","sticky":false,"template":"","format":"standard","meta":{"give_campaign_id":0,"footnotes":""},"categories":[14],"tags":[],"class_list":["post-753","post","type-post","status-publish","format-standard","has-post-thumbnail","hentry","category-diario"],"_links":{"self":[{"href":"https:\/\/camminataitaliana.fondazionemalagutti.it\/index.php?rest_route=\/wp\/v2\/posts\/753","targetHints":{"allow":["GET"]}}],"collection":[{"href":"https:\/\/camminataitaliana.fondazionemalagutti.it\/index.php?rest_route=\/wp\/v2\/posts"}],"about":[{"href":"https:\/\/camminataitaliana.fondazionemalagutti.it\/index.php?rest_route=\/wp\/v2\/types\/post"}],"author":[{"embeddable":true,"href":"https:\/\/camminataitaliana.fondazionemalagutti.it\/index.php?rest_route=\/wp\/v2\/users\/3"}],"replies":[{"embeddable":true,"href":"https:\/\/camminataitaliana.fondazionemalagutti.it\/index.php?rest_route=%2Fwp%2Fv2%2Fcomments&post=753"}],"version-history":[{"count":12,"href":"https:\/\/camminataitaliana.fondazionemalagutti.it\/index.php?rest_route=\/wp\/v2\/posts\/753\/revisions"}],"predecessor-version":[{"id":1142,"href":"https:\/\/camminataitaliana.fondazionemalagutti.it\/index.php?rest_route=\/wp\/v2\/posts\/753\/revisions\/1142"}],"wp:featuredmedia":[{"embeddable":true,"href":"https:\/\/camminataitaliana.fondazionemalagutti.it\/index.php?rest_route=\/wp\/v2\/media\/757"}],"wp:attachment":[{"href":"https:\/\/camminataitaliana.fondazionemalagutti.it\/index.php?rest_route=%2Fwp%2Fv2%2Fmedia&parent=753"}],"wp:term":[{"taxonomy":"category","embeddable":true,"href":"https:\/\/camminataitaliana.fondazionemalagutti.it\/index.php?rest_route=%2Fwp%2Fv2%2Fcategories&post=753"},{"taxonomy":"post_tag","embeddable":true,"href":"https:\/\/camminataitaliana.fondazionemalagutti.it\/index.php?rest_route=%2Fwp%2Fv2%2Ftags&post=753"}],"curies":[{"name":"wp","href":"https:\/\/api.w.org\/{rel}","templated":true}]}}