{"id":735,"date":"2018-05-25T22:18:05","date_gmt":"2018-05-25T22:18:05","guid":{"rendered":"https:\/\/www.camminataitaliana.it\/?p=735"},"modified":"2025-03-19T16:42:33","modified_gmt":"2025-03-19T15:42:33","slug":"25maggio","status":"publish","type":"post","link":"https:\/\/camminataitaliana.fondazionemalagutti.it\/?p=735","title":{"rendered":"Venerd\u00ec 25 maggio"},"content":{"rendered":"<p>Da Piazza del Campo di Siena \u00e8 iniziata la nuova tappa, ma soprattutto \u00e8 stato attivato il count-down: -10!<\/p>\n<p>Voglio dedicare la giornata di oggi all&#8217;Europa, alla comunit\u00e0 Europea che da anni sostiene le iniziative di Fondazione Malagutti onlus. E parlando di Europa, un pensiero di affetto va agli amici di &#8220;Diritti a Colori&#8221; sparsi nel continente:\u00a0 Miomir Rajcevic in Serbia, Marion van Kollenburg e Wim van Kollenburg in Olanda, \u0426\u0432\u0435\u0442\u0430\u043d\u0430 \u041f\u043b\u0430\u0442\u0438\u043a\u0430\u043d\u043e\u0432\u0430 in Bulgaria, Birgitta Olsson, Anna Eriksson, Vici Nilsson, Beatrice Pourbagher e Frida Auditore Brandt in Svezia, Sylviane Varin in Francia, Marija Ratkovi\u0107 Vidakovi\u0107 e Antonio Britvar in Croazia, Oscar in Slovenia, Gregor Cichocki in Austria, Timur H Kiselijov in Germania, Pat in Irlanda, Roberto Di Gioacchino in Inghilterra, Maria e Pietro in Spagna, Myrto Karampela-Makrigianni, Diana Ionela Georgescu e Eddie in Romania!<\/p>\n<p><img loading=\"lazy\" decoding=\"async\" class=\"alignnone wp-image-736 size-large\" src=\"https:\/\/camminataitaliana.fondazionemalagutti.it\/wp-content\/uploads\/2018\/05\/PHOTO-2018-05-25-14-54-05-1024x575.jpg\" alt=\"\" width=\"1024\" height=\"575\" srcset=\"https:\/\/camminataitaliana.fondazionemalagutti.it\/wp-content\/uploads\/2018\/05\/PHOTO-2018-05-25-14-54-05-1024x575.jpg 1024w, https:\/\/camminataitaliana.fondazionemalagutti.it\/wp-content\/uploads\/2018\/05\/PHOTO-2018-05-25-14-54-05-300x168.jpg 300w, https:\/\/camminataitaliana.fondazionemalagutti.it\/wp-content\/uploads\/2018\/05\/PHOTO-2018-05-25-14-54-05-768x431.jpg 768w, https:\/\/camminataitaliana.fondazionemalagutti.it\/wp-content\/uploads\/2018\/05\/PHOTO-2018-05-25-14-54-05-260x146.jpg 260w, https:\/\/camminataitaliana.fondazionemalagutti.it\/wp-content\/uploads\/2018\/05\/PHOTO-2018-05-25-14-54-05-50x28.jpg 50w, https:\/\/camminataitaliana.fondazionemalagutti.it\/wp-content\/uploads\/2018\/05\/PHOTO-2018-05-25-14-54-05-134x75.jpg 134w, https:\/\/camminataitaliana.fondazionemalagutti.it\/wp-content\/uploads\/2018\/05\/PHOTO-2018-05-25-14-54-05-1200x675.jpg 1200w, https:\/\/camminataitaliana.fondazionemalagutti.it\/wp-content\/uploads\/2018\/05\/PHOTO-2018-05-25-14-54-05.jpg 1600w\" sizes=\"auto, (max-width: 1024px) 100vw, 1024px\" \/><\/p>\n","protected":false},"excerpt":{"rendered":"<p>Da Piazza del Campo di Siena \u00e8 iniziata la nuova tappa, ma soprattutto \u00e8 stato attivato il count-down: -10! Voglio dedicare la giornata di oggi all&#8217;Europa,<span class=\"excerpt-hellip\"> [\u2026]<\/span><\/p>\n","protected":false},"author":3,"featured_media":737,"comment_status":"closed","ping_status":"open","sticky":false,"template":"","format":"standard","meta":{"give_campaign_id":0,"footnotes":""},"categories":[14],"tags":[],"class_list":["post-735","post","type-post","status-publish","format-standard","has-post-thumbnail","hentry","category-diario"],"_links":{"self":[{"href":"https:\/\/camminataitaliana.fondazionemalagutti.it\/index.php?rest_route=\/wp\/v2\/posts\/735","targetHints":{"allow":["GET"]}}],"collection":[{"href":"https:\/\/camminataitaliana.fondazionemalagutti.it\/index.php?rest_route=\/wp\/v2\/posts"}],"about":[{"href":"https:\/\/camminataitaliana.fondazionemalagutti.it\/index.php?rest_route=\/wp\/v2\/types\/post"}],"author":[{"embeddable":true,"href":"https:\/\/camminataitaliana.fondazionemalagutti.it\/index.php?rest_route=\/wp\/v2\/users\/3"}],"replies":[{"embeddable":true,"href":"https:\/\/camminataitaliana.fondazionemalagutti.it\/index.php?rest_route=%2Fwp%2Fv2%2Fcomments&post=735"}],"version-history":[{"count":2,"href":"https:\/\/camminataitaliana.fondazionemalagutti.it\/index.php?rest_route=\/wp\/v2\/posts\/735\/revisions"}],"predecessor-version":[{"id":1012,"href":"https:\/\/camminataitaliana.fondazionemalagutti.it\/index.php?rest_route=\/wp\/v2\/posts\/735\/revisions\/1012"}],"wp:featuredmedia":[{"embeddable":true,"href":"https:\/\/camminataitaliana.fondazionemalagutti.it\/index.php?rest_route=\/wp\/v2\/media\/737"}],"wp:attachment":[{"href":"https:\/\/camminataitaliana.fondazionemalagutti.it\/index.php?rest_route=%2Fwp%2Fv2%2Fmedia&parent=735"}],"wp:term":[{"taxonomy":"category","embeddable":true,"href":"https:\/\/camminataitaliana.fondazionemalagutti.it\/index.php?rest_route=%2Fwp%2Fv2%2Fcategories&post=735"},{"taxonomy":"post_tag","embeddable":true,"href":"https:\/\/camminataitaliana.fondazionemalagutti.it\/index.php?rest_route=%2Fwp%2Fv2%2Ftags&post=735"}],"curies":[{"name":"wp","href":"https:\/\/api.w.org\/{rel}","templated":true}]}}