{"id":648,"date":"2018-05-15T20:34:10","date_gmt":"2018-05-15T20:34:10","guid":{"rendered":"https:\/\/www.camminataitaliana.it\/?p=648"},"modified":"2025-03-19T16:42:33","modified_gmt":"2025-03-19T15:42:33","slug":"15maggio","status":"publish","type":"post","link":"https:\/\/camminataitaliana.fondazionemalagutti.it\/?p=648","title":{"rendered":"Marted\u00ec 15 maggio"},"content":{"rendered":"<p>Dopo aver percorso pi\u00f9 di 330 Km, domani mattina lascer\u00f2 la stupenda Sicilia.<\/p>\n<p>Oggi \u00e8 stata una giornata intensa e ricca di appuntamenti. Prima di partire ho incontrato il Sindaco di Villafrati, Sig. Francesco Agnello, che mi ha accolto con estrema gentilezza e disponibilit\u00e0 per future collaborazioni.<\/p>\n<p>A Palermo mi stava aspettando la dr.ssa Anna Giordano, pedagogista all&#8217;Ospedale &#8220;Di Cristina&#8221;, l&#8217;ospedale dei bambini.La dr.ssa Giordano \u00e8 stata la promotrice dell&#8217;adesione al network &#8220;Diritti a Colori&#8221;da parte dell&#8217;ospedale: per questo motivo siamo stati molto felici di incontrarla dopo sei anni!<\/p>\n<p>Un altro piacevole incontro \u00e8 avvenuto con l&#8217;Assessore alla Scuola, dott.ssa Giovanna Marano, del Comune di Palermo, interessata a far parte del Movimento Internazionale per i Diritti dei Bambini.<\/p>\n<p>&nbsp;<\/p>\n<p>Dopo questi brevi aggiornamenti, saluto tutti!!&#8230;&#8230;&#8230;Ci vediamo a Napoli!!<\/p>\n<p><img loading=\"lazy\" decoding=\"async\" class=\"alignnone wp-image-649 size-full\" src=\"https:\/\/camminataitaliana.fondazionemalagutti.it\/wp-content\/uploads\/2018\/05\/64.jpg\" alt=\"\" width=\"1024\" height=\"390\" srcset=\"https:\/\/camminataitaliana.fondazionemalagutti.it\/wp-content\/uploads\/2018\/05\/64.jpg 1024w, https:\/\/camminataitaliana.fondazionemalagutti.it\/wp-content\/uploads\/2018\/05\/64-300x114.jpg 300w, https:\/\/camminataitaliana.fondazionemalagutti.it\/wp-content\/uploads\/2018\/05\/64-768x293.jpg 768w, https:\/\/camminataitaliana.fondazionemalagutti.it\/wp-content\/uploads\/2018\/05\/64-260x99.jpg 260w, https:\/\/camminataitaliana.fondazionemalagutti.it\/wp-content\/uploads\/2018\/05\/64-50x19.jpg 50w, https:\/\/camminataitaliana.fondazionemalagutti.it\/wp-content\/uploads\/2018\/05\/64-150x57.jpg 150w\" sizes=\"auto, (max-width: 1024px) 100vw, 1024px\" \/><\/p>\n","protected":false},"excerpt":{"rendered":"<p>Dopo aver percorso pi\u00f9 di 330 Km, domani mattina lascer\u00f2 la stupenda Sicilia. Oggi \u00e8 stata una giornata intensa e ricca di appuntamenti. Prima di partire<span class=\"excerpt-hellip\"> [\u2026]<\/span><\/p>\n","protected":false},"author":3,"featured_media":650,"comment_status":"closed","ping_status":"open","sticky":false,"template":"","format":"standard","meta":{"give_campaign_id":0,"footnotes":""},"categories":[14],"tags":[],"class_list":["post-648","post","type-post","status-publish","format-standard","has-post-thumbnail","hentry","category-diario"],"_links":{"self":[{"href":"https:\/\/camminataitaliana.fondazionemalagutti.it\/index.php?rest_route=\/wp\/v2\/posts\/648","targetHints":{"allow":["GET"]}}],"collection":[{"href":"https:\/\/camminataitaliana.fondazionemalagutti.it\/index.php?rest_route=\/wp\/v2\/posts"}],"about":[{"href":"https:\/\/camminataitaliana.fondazionemalagutti.it\/index.php?rest_route=\/wp\/v2\/types\/post"}],"author":[{"embeddable":true,"href":"https:\/\/camminataitaliana.fondazionemalagutti.it\/index.php?rest_route=\/wp\/v2\/users\/3"}],"replies":[{"embeddable":true,"href":"https:\/\/camminataitaliana.fondazionemalagutti.it\/index.php?rest_route=%2Fwp%2Fv2%2Fcomments&post=648"}],"version-history":[{"count":2,"href":"https:\/\/camminataitaliana.fondazionemalagutti.it\/index.php?rest_route=\/wp\/v2\/posts\/648\/revisions"}],"predecessor-version":[{"id":656,"href":"https:\/\/camminataitaliana.fondazionemalagutti.it\/index.php?rest_route=\/wp\/v2\/posts\/648\/revisions\/656"}],"wp:featuredmedia":[{"embeddable":true,"href":"https:\/\/camminataitaliana.fondazionemalagutti.it\/index.php?rest_route=\/wp\/v2\/media\/650"}],"wp:attachment":[{"href":"https:\/\/camminataitaliana.fondazionemalagutti.it\/index.php?rest_route=%2Fwp%2Fv2%2Fmedia&parent=648"}],"wp:term":[{"taxonomy":"category","embeddable":true,"href":"https:\/\/camminataitaliana.fondazionemalagutti.it\/index.php?rest_route=%2Fwp%2Fv2%2Fcategories&post=648"},{"taxonomy":"post_tag","embeddable":true,"href":"https:\/\/camminataitaliana.fondazionemalagutti.it\/index.php?rest_route=%2Fwp%2Fv2%2Ftags&post=648"}],"curies":[{"name":"wp","href":"https:\/\/api.w.org\/{rel}","templated":true}]}}