{"id":48,"date":"2018-03-19T09:05:45","date_gmt":"2018-03-19T09:05:45","guid":{"rendered":"http:\/\/themes.muffingroup.com\/be\/behind\/?p=48"},"modified":"2025-03-19T16:42:37","modified_gmt":"2025-03-19T15:42:37","slug":"da-nord-a-sud-per-guardare-al-futuro-9","status":"publish","type":"post","link":"https:\/\/camminataitaliana.fondazionemalagutti.it\/?p=48","title":{"rendered":"Da nord a sud per guardare al futuro: perch\u00e8 una Camminata Italiana?"},"content":{"rendered":"<h3>Incontrare le persone dal nord al sud della penisola per promuovere sani stili di vita e pratiche di prevenzione, offrendo esempi concreti di cultura del benessere.<\/h3>\n<p>In Italia per quanto il campo della medicina sia in continuo progresso, la scarsa informazione incide negativamente sulle aspettative di vita: secondo l\u2019OMS, <strong>un\u2019alimentazione sana, equilibrata e sicura potrebbe salvare quasi 3 milioni di vite all\u2019anno<\/strong>. Disordini alimentari e uso di sostanze nocive sono oggi i mali e le principali cause di morte per <em>comorbilit\u00e0<\/em>: stili di vita lontani dal perseguire il benessere.<\/p>\n<p>\u201cCamminata Italiana\u201d \u00e8 un messaggio diretto che offre esempi positivi: <strong>promuovere la Salute, propagandando uno stile di vita sano<\/strong> con una singolare impresa. Un intervento di formazione e prevenzione per dimostrare quanto l\u2019essere umano sia artefice del proprio destino: rispettando corpo e mente ogni persona pu\u00f2 contribuire ad improntare il proprio stato di salute.<\/p>\n<blockquote><p>Un\u2019iniziativa che guarda al futuro, alle nuove generazioni e al loro diritto alla vita e alla salute.<\/p><\/blockquote>\n<p>Un\u2019azione di sensibilizzazione che si realizzer\u00e0 attraverso <strong>60 localit\u00e0 dove si andr\u00e0 a sollecitare il territorio a confrontarsi sui principali problemi<\/strong> che interessano la popolazione locale. Raggiungeremo luoghi maggiormente interessati dal fenomeno migratorio, alle prese con strategie di integrazione per quelle persone costrette a lasciare le loro Terre, alla ricerca di un futuro. Cercare <strong>soluzioni per includere i migranti nelle nostre citt\u00e0<\/strong> e per creare nei loro Paesi un ambiente sicuro, funzionale al loro benessere fisico, psichico e sociale.<\/p>\n<p><img loading=\"lazy\" decoding=\"async\" class=\"aligncenter wp-image-243 size-full\" src=\"https:\/\/camminataitaliana.fondazionemalagutti.it\/wp-content\/uploads\/2017\/12\/cover-fb.jpg\" alt=\"\" width=\"1024\" height=\"390\" srcset=\"https:\/\/camminataitaliana.fondazionemalagutti.it\/wp-content\/uploads\/2017\/12\/cover-fb.jpg 1024w, https:\/\/camminataitaliana.fondazionemalagutti.it\/wp-content\/uploads\/2017\/12\/cover-fb-300x114.jpg 300w, https:\/\/camminataitaliana.fondazionemalagutti.it\/wp-content\/uploads\/2017\/12\/cover-fb-768x293.jpg 768w, https:\/\/camminataitaliana.fondazionemalagutti.it\/wp-content\/uploads\/2017\/12\/cover-fb-260x99.jpg 260w, https:\/\/camminataitaliana.fondazionemalagutti.it\/wp-content\/uploads\/2017\/12\/cover-fb-50x19.jpg 50w, https:\/\/camminataitaliana.fondazionemalagutti.it\/wp-content\/uploads\/2017\/12\/cover-fb-150x57.jpg 150w\" sizes=\"auto, (max-width: 1024px) 100vw, 1024px\" \/><\/p>\n<p>Fare prevenzione significa <strong>mettere in atto strategie per impedire il manifestarsi di situazioni negative<\/strong> come malattie, disagi, tragedie umane che sono spesso conseguenza di comportamenti non rispettosi di Diritti Umani.<\/p>\n<p>Il progetto dar\u00e0 a chiunque la possibilit\u00e0 di esser protagonista di un cambiamento positivo orientato al benessere. Come? Per scoprirlo, <strong>basta mettersi in cammino..<\/strong><\/p>\n","protected":false},"excerpt":{"rendered":"<p>Incontrare le persone dal nord al sud della penisola per promuovere sani stili di vita e pratiche di prevenzione, offrendo esempi concreti di cultura del benessere.<span class=\"excerpt-hellip\"> [\u2026]<\/span><\/p>\n","protected":false},"author":3,"featured_media":240,"comment_status":"closed","ping_status":"open","sticky":false,"template":"","format":"standard","meta":{"give_campaign_id":0,"footnotes":""},"categories":[14],"tags":[],"class_list":["post-48","post","type-post","status-publish","format-standard","has-post-thumbnail","hentry","category-diario"],"_links":{"self":[{"href":"https:\/\/camminataitaliana.fondazionemalagutti.it\/index.php?rest_route=\/wp\/v2\/posts\/48","targetHints":{"allow":["GET"]}}],"collection":[{"href":"https:\/\/camminataitaliana.fondazionemalagutti.it\/index.php?rest_route=\/wp\/v2\/posts"}],"about":[{"href":"https:\/\/camminataitaliana.fondazionemalagutti.it\/index.php?rest_route=\/wp\/v2\/types\/post"}],"author":[{"embeddable":true,"href":"https:\/\/camminataitaliana.fondazionemalagutti.it\/index.php?rest_route=\/wp\/v2\/users\/3"}],"replies":[{"embeddable":true,"href":"https:\/\/camminataitaliana.fondazionemalagutti.it\/index.php?rest_route=%2Fwp%2Fv2%2Fcomments&post=48"}],"version-history":[{"count":15,"href":"https:\/\/camminataitaliana.fondazionemalagutti.it\/index.php?rest_route=\/wp\/v2\/posts\/48\/revisions"}],"predecessor-version":[{"id":497,"href":"https:\/\/camminataitaliana.fondazionemalagutti.it\/index.php?rest_route=\/wp\/v2\/posts\/48\/revisions\/497"}],"wp:featuredmedia":[{"embeddable":true,"href":"https:\/\/camminataitaliana.fondazionemalagutti.it\/index.php?rest_route=\/wp\/v2\/media\/240"}],"wp:attachment":[{"href":"https:\/\/camminataitaliana.fondazionemalagutti.it\/index.php?rest_route=%2Fwp%2Fv2%2Fmedia&parent=48"}],"wp:term":[{"taxonomy":"category","embeddable":true,"href":"https:\/\/camminataitaliana.fondazionemalagutti.it\/index.php?rest_route=%2Fwp%2Fv2%2Fcategories&post=48"},{"taxonomy":"post_tag","embeddable":true,"href":"https:\/\/camminataitaliana.fondazionemalagutti.it\/index.php?rest_route=%2Fwp%2Fv2%2Ftags&post=48"}],"curies":[{"name":"wp","href":"https:\/\/api.w.org\/{rel}","templated":true}]}}