{"id":323,"date":"2018-04-12T20:31:52","date_gmt":"2018-04-12T20:31:52","guid":{"rendered":"https:\/\/www.camminataitaliana.it\/?p=323"},"modified":"2025-03-19T16:42:36","modified_gmt":"2025-03-19T15:42:36","slug":"12aprile","status":"publish","type":"post","link":"https:\/\/camminataitaliana.fondazionemalagutti.it\/?p=323","title":{"rendered":"Gioved\u00ec 12 aprile"},"content":{"rendered":"<p>Prima di partire per la nuova giornata, ho deciso di fare una visita alla Casa Alloggio Don Dante Savini che accoglie persone affette dal virus HIV-AIDS; un&#8217;accoglienza calorosa e familiare, come se ci conoscessimo da sempre. Purtroppo non avevo molto tempo a disposizione, Foligno era ancora lontana!<\/p>\n<p>Che spettacolo Assisi! Non potevo non fermarmi ad ammirare lo splendore artistico della Basilica.<\/p>\n<p>Un breve tappa per continuare sulla via di Foligno, dove sono arrivato un po&#8217; tardi&#8230;il primo video in notturna!<\/p>\n<p>Domani \u00e8 previsto il riposo&#8230;chiss\u00e0 e avr\u00f2 il tempo di ricaricare le energie!<\/p>\n<p><img loading=\"lazy\" decoding=\"async\" class=\"alignnone wp-image-344 size-full\" src=\"https:\/\/camminataitaliana.fondazionemalagutti.it\/wp-content\/uploads\/2018\/05\/9.jpg\" alt=\"\" width=\"1024\" height=\"390\" srcset=\"https:\/\/camminataitaliana.fondazionemalagutti.it\/wp-content\/uploads\/2018\/05\/9.jpg 1024w, https:\/\/camminataitaliana.fondazionemalagutti.it\/wp-content\/uploads\/2018\/05\/9-300x114.jpg 300w, https:\/\/camminataitaliana.fondazionemalagutti.it\/wp-content\/uploads\/2018\/05\/9-768x293.jpg 768w, https:\/\/camminataitaliana.fondazionemalagutti.it\/wp-content\/uploads\/2018\/05\/9-260x99.jpg 260w, https:\/\/camminataitaliana.fondazionemalagutti.it\/wp-content\/uploads\/2018\/05\/9-50x19.jpg 50w, https:\/\/camminataitaliana.fondazionemalagutti.it\/wp-content\/uploads\/2018\/05\/9-150x57.jpg 150w\" sizes=\"auto, (max-width: 1024px) 100vw, 1024px\" \/><\/p>\n","protected":false},"excerpt":{"rendered":"<p>Prima di partire per la nuova giornata, ho deciso di fare una visita alla Casa Alloggio Don Dante Savini che accoglie persone affette dal virus HIV-AIDS;<span class=\"excerpt-hellip\"> [\u2026]<\/span><\/p>\n","protected":false},"author":3,"featured_media":345,"comment_status":"closed","ping_status":"open","sticky":false,"template":"","format":"standard","meta":{"give_campaign_id":0,"footnotes":""},"categories":[14],"tags":[],"class_list":["post-323","post","type-post","status-publish","format-standard","has-post-thumbnail","hentry","category-diario"],"_links":{"self":[{"href":"https:\/\/camminataitaliana.fondazionemalagutti.it\/index.php?rest_route=\/wp\/v2\/posts\/323","targetHints":{"allow":["GET"]}}],"collection":[{"href":"https:\/\/camminataitaliana.fondazionemalagutti.it\/index.php?rest_route=\/wp\/v2\/posts"}],"about":[{"href":"https:\/\/camminataitaliana.fondazionemalagutti.it\/index.php?rest_route=\/wp\/v2\/types\/post"}],"author":[{"embeddable":true,"href":"https:\/\/camminataitaliana.fondazionemalagutti.it\/index.php?rest_route=\/wp\/v2\/users\/3"}],"replies":[{"embeddable":true,"href":"https:\/\/camminataitaliana.fondazionemalagutti.it\/index.php?rest_route=%2Fwp%2Fv2%2Fcomments&post=323"}],"version-history":[{"count":4,"href":"https:\/\/camminataitaliana.fondazionemalagutti.it\/index.php?rest_route=\/wp\/v2\/posts\/323\/revisions"}],"predecessor-version":[{"id":490,"href":"https:\/\/camminataitaliana.fondazionemalagutti.it\/index.php?rest_route=\/wp\/v2\/posts\/323\/revisions\/490"}],"wp:featuredmedia":[{"embeddable":true,"href":"https:\/\/camminataitaliana.fondazionemalagutti.it\/index.php?rest_route=\/wp\/v2\/media\/345"}],"wp:attachment":[{"href":"https:\/\/camminataitaliana.fondazionemalagutti.it\/index.php?rest_route=%2Fwp%2Fv2%2Fmedia&parent=323"}],"wp:term":[{"taxonomy":"category","embeddable":true,"href":"https:\/\/camminataitaliana.fondazionemalagutti.it\/index.php?rest_route=%2Fwp%2Fv2%2Fcategories&post=323"},{"taxonomy":"post_tag","embeddable":true,"href":"https:\/\/camminataitaliana.fondazionemalagutti.it\/index.php?rest_route=%2Fwp%2Fv2%2Ftags&post=323"}],"curies":[{"name":"wp","href":"https:\/\/api.w.org\/{rel}","templated":true}]}}