{"id":314,"date":"2018-04-09T20:12:41","date_gmt":"2018-04-09T20:12:41","guid":{"rendered":"https:\/\/www.camminataitaliana.it\/?p=314"},"modified":"2025-03-19T16:42:36","modified_gmt":"2025-03-19T15:42:36","slug":"9aprile","status":"publish","type":"post","link":"https:\/\/camminataitaliana.fondazionemalagutti.it\/?p=314","title":{"rendered":"Luned\u00ec 9 aprile"},"content":{"rendered":"<p>Oggi il sole mi ha abbandonato!<\/p>\n<p>Primo percorso tra i tornanti e, purtroppo, sotto la pioggia! Ma ne \u00e8 valsa la pena poich\u00e9 a Citt\u00e0 di Castello la cara amica Cinthya Morbini mi ha riservato una calorosa accoglienza: alla storica sede municipale, il Sindaco Luciano Bacchetta mi stava attendendo con la Croce Rossa e Don Paolino della Caritas.<\/p>\n<p>Dopo i saluti istituzionali ci siamo recati presso la Comunit\u00e0 per tossicodipendenti gestita da Don Paolino, dove\u00a0 \u00a0ho raccontato ai ragazzi cos&#8217;\u00e8 &#8220;Camminata Italiana &#8211; Benessere, Africa, Diritti&#8221; e quello che facciamo quotidianamente a Curtatone nelle Case Alloggio di Alfaomega Associazione Volontari.<\/p>\n<p><img loading=\"lazy\" decoding=\"async\" class=\"alignnone wp-image-336 size-full\" src=\"https:\/\/camminataitaliana.fondazionemalagutti.it\/wp-content\/uploads\/2018\/04\/4.jpg\" alt=\"\" width=\"1024\" height=\"390\" srcset=\"https:\/\/camminataitaliana.fondazionemalagutti.it\/wp-content\/uploads\/2018\/04\/4.jpg 1024w, https:\/\/camminataitaliana.fondazionemalagutti.it\/wp-content\/uploads\/2018\/04\/4-300x114.jpg 300w, https:\/\/camminataitaliana.fondazionemalagutti.it\/wp-content\/uploads\/2018\/04\/4-768x293.jpg 768w, https:\/\/camminataitaliana.fondazionemalagutti.it\/wp-content\/uploads\/2018\/04\/4-260x99.jpg 260w, https:\/\/camminataitaliana.fondazionemalagutti.it\/wp-content\/uploads\/2018\/04\/4-50x19.jpg 50w, https:\/\/camminataitaliana.fondazionemalagutti.it\/wp-content\/uploads\/2018\/04\/4-150x57.jpg 150w\" sizes=\"auto, (max-width: 1024px) 100vw, 1024px\" \/><\/p>\n","protected":false},"excerpt":{"rendered":"<p>Oggi il sole mi ha abbandonato! Primo percorso tra i tornanti e, purtroppo, sotto la pioggia! Ma ne \u00e8 valsa la pena poich\u00e9 a Citt\u00e0 di<span class=\"excerpt-hellip\"> [\u2026]<\/span><\/p>\n","protected":false},"author":3,"featured_media":337,"comment_status":"closed","ping_status":"open","sticky":false,"template":"","format":"standard","meta":{"give_campaign_id":0,"footnotes":""},"categories":[14],"tags":[],"class_list":["post-314","post","type-post","status-publish","format-standard","has-post-thumbnail","hentry","category-diario"],"_links":{"self":[{"href":"https:\/\/camminataitaliana.fondazionemalagutti.it\/index.php?rest_route=\/wp\/v2\/posts\/314","targetHints":{"allow":["GET"]}}],"collection":[{"href":"https:\/\/camminataitaliana.fondazionemalagutti.it\/index.php?rest_route=\/wp\/v2\/posts"}],"about":[{"href":"https:\/\/camminataitaliana.fondazionemalagutti.it\/index.php?rest_route=\/wp\/v2\/types\/post"}],"author":[{"embeddable":true,"href":"https:\/\/camminataitaliana.fondazionemalagutti.it\/index.php?rest_route=\/wp\/v2\/users\/3"}],"replies":[{"embeddable":true,"href":"https:\/\/camminataitaliana.fondazionemalagutti.it\/index.php?rest_route=%2Fwp%2Fv2%2Fcomments&post=314"}],"version-history":[{"count":4,"href":"https:\/\/camminataitaliana.fondazionemalagutti.it\/index.php?rest_route=\/wp\/v2\/posts\/314\/revisions"}],"predecessor-version":[{"id":493,"href":"https:\/\/camminataitaliana.fondazionemalagutti.it\/index.php?rest_route=\/wp\/v2\/posts\/314\/revisions\/493"}],"wp:featuredmedia":[{"embeddable":true,"href":"https:\/\/camminataitaliana.fondazionemalagutti.it\/index.php?rest_route=\/wp\/v2\/media\/337"}],"wp:attachment":[{"href":"https:\/\/camminataitaliana.fondazionemalagutti.it\/index.php?rest_route=%2Fwp%2Fv2%2Fmedia&parent=314"}],"wp:term":[{"taxonomy":"category","embeddable":true,"href":"https:\/\/camminataitaliana.fondazionemalagutti.it\/index.php?rest_route=%2Fwp%2Fv2%2Fcategories&post=314"},{"taxonomy":"post_tag","embeddable":true,"href":"https:\/\/camminataitaliana.fondazionemalagutti.it\/index.php?rest_route=%2Fwp%2Fv2%2Ftags&post=314"}],"curies":[{"name":"wp","href":"https:\/\/api.w.org\/{rel}","templated":true}]}}